{"id":1630,"date":"2014-03-27T15:27:58","date_gmt":"2014-03-27T14:27:58","guid":{"rendered":"https:\/\/www.betriebsfeuerwehr-voestalpine.at\/?p=1630"},"modified":"2014-03-27T15:29:59","modified_gmt":"2014-03-27T14:29:59","slug":"halte-auffanggurte","status":"publish","type":"post","link":"https:\/\/www.betriebsfeuerwehr-voestalpine.at\/?p=1630","title":{"rendered":"Halte- &#038; Auffanggurte"},"content":{"rendered":"<h2><a href=\"https:\/\/www.betriebsfeuerwehr-voestalpine.at\/?attachment_id=1634\" rel=\"attachment wp-att-1634\"><img loading=\"lazy\" decoding=\"async\" class=\"alignleft  wp-image-1634\" alt=\"IMG_2029_uni_3\" src=\"https:\/\/www.betriebsfeuerwehr-voestalpine.at\/wp-content\/uploads\/2014\/03\/IMG_2029_uni_31.jpg\" width=\"368\" height=\"275\" srcset=\"https:\/\/www.betriebsfeuerwehr-voestalpine.at\/wp-content\/uploads\/2014\/03\/IMG_2029_uni_31.jpg 1024w, https:\/\/www.betriebsfeuerwehr-voestalpine.at\/wp-content\/uploads\/2014\/03\/IMG_2029_uni_31-300x224.jpg 300w, https:\/\/www.betriebsfeuerwehr-voestalpine.at\/wp-content\/uploads\/2014\/03\/IMG_2029_uni_31-150x112.jpg 150w, https:\/\/www.betriebsfeuerwehr-voestalpine.at\/wp-content\/uploads\/2014\/03\/IMG_2029_uni_31-320x240.jpg 320w, https:\/\/www.betriebsfeuerwehr-voestalpine.at\/wp-content\/uploads\/2014\/03\/IMG_2029_uni_31-640x480.jpg 640w\" sizes=\"auto, (max-width: 368px) 100vw, 368px\" \/><\/a><span style=\"text-decoration: underline;\">EUROLINE\u00a0 UNI 3<\/span><\/h2>\n<p><span style=\"text-decoration: underline;\"><strong>Material:<\/strong><\/span><br \/>\nPolyestergurte 45 mm breit, Teflon-impr\u00e4gniert,<br \/>\nAutomatik-Steckschnalle aus Stahl in Bauch- und Bein gurten, Gurtf\u00fchrungen aus<br \/>\nKunststoff<\/p>\n<p>&nbsp;<\/p>\n<p><strong><span style=\"text-decoration: underline;\"><br \/>\nKonstruktion:<\/span><\/strong><br \/>\nDer klassische \u201e3-Punkt-Gurt\u201c mit 1 Auffang\u00f6se am R\u00fccken, 2 Halte\u00f6sen im H\u00fcftbereich, mit integriertem Bauch- und Brustgurt, Bauchgurt mit Automatik-Steckschnalle aus Stahl und Beinschlaufen mit Aufdruck \u201eBEIN\/ LEG\u201c f\u00fcr problemloses Anlegen. Universalgr\u00f6\u00dfe stufenlos verstellbar.<br \/>\n<strong><span style=\"text-decoration: underline;\">Zubeh\u00f6r:<\/span><\/strong>Kernmantelseil 12 mm, Bandschlinge mit Karabiner<\/p>\n<hr \/>\n<p><a href=\"https:\/\/www.betriebsfeuerwehr-voestalpine.at\/?attachment_id=1641\" rel=\"attachment wp-att-1641\"><img loading=\"lazy\" decoding=\"async\" class=\"alignleft  wp-image-1641\" alt=\"IMG_2030_notrettungset\" src=\"https:\/\/www.betriebsfeuerwehr-voestalpine.at\/wp-content\/uploads\/2014\/03\/IMG_2030_notrettungset.jpg\" width=\"368\" height=\"275\" srcset=\"https:\/\/www.betriebsfeuerwehr-voestalpine.at\/wp-content\/uploads\/2014\/03\/IMG_2030_notrettungset.jpg 1024w, https:\/\/www.betriebsfeuerwehr-voestalpine.at\/wp-content\/uploads\/2014\/03\/IMG_2030_notrettungset-300x224.jpg 300w, https:\/\/www.betriebsfeuerwehr-voestalpine.at\/wp-content\/uploads\/2014\/03\/IMG_2030_notrettungset-150x112.jpg 150w, https:\/\/www.betriebsfeuerwehr-voestalpine.at\/wp-content\/uploads\/2014\/03\/IMG_2030_notrettungset-320x240.jpg 320w, https:\/\/www.betriebsfeuerwehr-voestalpine.at\/wp-content\/uploads\/2014\/03\/IMG_2030_notrettungset-640x480.jpg 640w\" sizes=\"auto, (max-width: 368px) 100vw, 368px\" \/><\/a><strong><span style=\"text-decoration: underline;\">Not-Rettung- Set<\/span><\/strong><\/p>\n<p>Das Not-Rettungs-Set wurde speziell f\u00fcr Feuerwehren entwickelt und besteht aus <span style=\"text-decoration: underline;\">TRAGETUCH, RETTUNGSTUCH, BANDSCHLINGE<\/span> und einer passenden TASCHE. Diese Not-Rettungsger\u00e4te sind in ihrem Aufbau sehr einfach und daher besonders rasch anzuwenden. Sie sind f\u00fcr einen Einsatz in extremen Situationen vorgesehen, wenn z.B. andere Rettungsger\u00e4te (Rettungswannen, Kranken- transport- H\u00e4ngematten, Rettungsgeschirre, Berges\u00e4cke u. dgl.) wegen \u00f6rtlicher Gegebenheiten (in engen Sch\u00e4chten) oder aus zeitlichen Gr\u00fcnden (akute Notsituation) nicht eingesetzt werden k\u00f6nnen oder nicht verf\u00fcgbar sind.<\/p>\n","protected":false},"excerpt":{"rendered":"<p>EUROLINE\u00a0 UNI 3 Material: Polyestergurte 45 mm breit, Teflon-impr\u00e4gniert, Automatik-Steckschnalle aus Stahl in Bauch- und Bein gurten, Gurtf\u00fchrungen aus Kunststoff &nbsp; Konstruktion: Der klassische \u201e3-Punkt-Gurt\u201c mit 1 Auffang\u00f6se am R\u00fccken, 2 Halte\u00f6sen im H\u00fcftbereich, mit integriertem Bauch- und Brustgurt, Bauchgurt &hellip; <a href=\"https:\/\/www.betriebsfeuerwehr-voestalpine.at\/?p=1630\">mehr <span class=\"meta-nav\">&rarr;<\/span><\/a><\/p>\n","protected":false},"author":2,"featured_media":1634,"comment_status":"closed","ping_status":"closed","sticky":false,"template":"","format":"standard","meta":{"_acf_changed":false,"footnotes":""},"categories":[1,24],"tags":[],"class_list":["post-1630","post","type-post","status-publish","format-standard","has-post-thumbnail","hentry","category-entwurf","category-geraetschaften"],"acf":[],"_links":{"self":[{"href":"https:\/\/www.betriebsfeuerwehr-voestalpine.at\/index.php?rest_route=\/wp\/v2\/posts\/1630","targetHints":{"allow":["GET"]}}],"collection":[{"href":"https:\/\/www.betriebsfeuerwehr-voestalpine.at\/index.php?rest_route=\/wp\/v2\/posts"}],"about":[{"href":"https:\/\/www.betriebsfeuerwehr-voestalpine.at\/index.php?rest_route=\/wp\/v2\/types\/post"}],"author":[{"embeddable":true,"href":"https:\/\/www.betriebsfeuerwehr-voestalpine.at\/index.php?rest_route=\/wp\/v2\/users\/2"}],"replies":[{"embeddable":true,"href":"https:\/\/www.betriebsfeuerwehr-voestalpine.at\/index.php?rest_route=%2Fwp%2Fv2%2Fcomments&post=1630"}],"version-history":[{"count":10,"href":"https:\/\/www.betriebsfeuerwehr-voestalpine.at\/index.php?rest_route=\/wp\/v2\/posts\/1630\/revisions"}],"predecessor-version":[{"id":1646,"href":"https:\/\/www.betriebsfeuerwehr-voestalpine.at\/index.php?rest_route=\/wp\/v2\/posts\/1630\/revisions\/1646"}],"wp:featuredmedia":[{"embeddable":true,"href":"https:\/\/www.betriebsfeuerwehr-voestalpine.at\/index.php?rest_route=\/wp\/v2\/media\/1634"}],"wp:attachment":[{"href":"https:\/\/www.betriebsfeuerwehr-voestalpine.at\/index.php?rest_route=%2Fwp%2Fv2%2Fmedia&parent=1630"}],"wp:term":[{"taxonomy":"category","embeddable":true,"href":"https:\/\/www.betriebsfeuerwehr-voestalpine.at\/index.php?rest_route=%2Fwp%2Fv2%2Fcategories&post=1630"},{"taxonomy":"post_tag","embeddable":true,"href":"https:\/\/www.betriebsfeuerwehr-voestalpine.at\/index.php?rest_route=%2Fwp%2Fv2%2Ftags&post=1630"}],"curies":[{"name":"wp","href":"https:\/\/api.w.org\/{rel}","templated":true}]}}