{"id":1692,"date":"2014-03-31T15:23:20","date_gmt":"2014-03-31T14:23:20","guid":{"rendered":"https:\/\/www.betriebsfeuerwehr-voestalpine.at\/?p=1692"},"modified":"2014-03-31T15:23:20","modified_gmt":"2014-03-31T14:23:20","slug":"oelsperre-klein","status":"publish","type":"post","link":"https:\/\/www.betriebsfeuerwehr-voestalpine.at\/?p=1692","title":{"rendered":"\u00d6lsperre klein"},"content":{"rendered":"<h2>\u00d6lsperre<\/h2>\n<p align=\"LEFT\">Mobile \u00d6lsperre, welche speziell im Bereich von B\u00e4chen und Flussbuchten optimal eingesetzt werden kann. Diese ist leicht zu transportieren und kann von wenigen Feuerwehrkameraden binnen weniger Minuten in den Einsatz gebracht werden ( 5 Meter lange, steckbare Elemente ).<\/p>\n<p>Daten: L\u00e4nge\u00a020 m<\/p>\n<p><div id=\"new-royalslider-2\" class=\"royalSlider new-royalslider-2 rsDefaultInv rs-image-gallery\" style=\"width:100%; height:500;\"><div class=\"rsContent\">\n  <a class=\"rsImg\" href=\"https:\/\/www.betriebsfeuerwehr-voestalpine.at\/wp-content\/uploads\/2014\/03\/Bild-6_kleine_\u00f6lsperre.jpg\" data-rsBigImg=\"https:\/\/www.betriebsfeuerwehr-voestalpine.at\/wp-content\/uploads\/2014\/03\/Bild-6_kleine_\u00f6lsperre.jpg\">Bild 6_kleine_\u00f6lsperre<\/a>\n  <div class=\"rsTmb\"><img decoding=\"async\" src=\"https:\/\/www.betriebsfeuerwehr-voestalpine.at\/wp-content\/uploads\/2014\/03\/Bild-6_kleine_\u00f6lsperre-96x72.jpg\" alt=\"\" \/><\/div>\n  \n  \n<\/div><div class=\"rsContent\">\n  <a class=\"rsImg\" href=\"https:\/\/www.betriebsfeuerwehr-voestalpine.at\/wp-content\/uploads\/2014\/03\/Bild-3_kleine_\u00f6lsperre.jpg\" data-rsBigImg=\"https:\/\/www.betriebsfeuerwehr-voestalpine.at\/wp-content\/uploads\/2014\/03\/Bild-3_kleine_\u00f6lsperre.jpg\">Bild 3_kleine_\u00f6lsperre<\/a>\n  <div class=\"rsTmb\"><img decoding=\"async\" src=\"https:\/\/www.betriebsfeuerwehr-voestalpine.at\/wp-content\/uploads\/2014\/03\/Bild-3_kleine_\u00f6lsperre-96x72.jpg\" alt=\"\" \/><\/div>\n  \n  \n<\/div><div class=\"rsContent\">\n  <a class=\"rsImg\" href=\"https:\/\/www.betriebsfeuerwehr-voestalpine.at\/wp-content\/uploads\/2014\/03\/Bild-4_kleine_\u00f6lsperre.jpg\" data-rsBigImg=\"https:\/\/www.betriebsfeuerwehr-voestalpine.at\/wp-content\/uploads\/2014\/03\/Bild-4_kleine_\u00f6lsperre.jpg\">Bild 4_kleine_\u00f6lsperre<\/a>\n  <div class=\"rsTmb\"><img decoding=\"async\" src=\"https:\/\/www.betriebsfeuerwehr-voestalpine.at\/wp-content\/uploads\/2014\/03\/Bild-4_kleine_\u00f6lsperre-96x72.jpg\" alt=\"\" \/><\/div>\n  \n  \n<\/div><div class=\"rsContent\">\n  <a class=\"rsImg\" href=\"https:\/\/www.betriebsfeuerwehr-voestalpine.at\/wp-content\/uploads\/2014\/03\/Bild-5_kleine_\u00f6lsperre.jpg\" data-rsBigImg=\"https:\/\/www.betriebsfeuerwehr-voestalpine.at\/wp-content\/uploads\/2014\/03\/Bild-5_kleine_\u00f6lsperre.jpg\">Bild 5_kleine_\u00f6lsperre<\/a>\n  <div class=\"rsTmb\"><img decoding=\"async\" src=\"https:\/\/www.betriebsfeuerwehr-voestalpine.at\/wp-content\/uploads\/2014\/03\/Bild-5_kleine_\u00f6lsperre-96x72.jpg\" alt=\"\" \/><\/div>\n  \n  \n<\/div><div class=\"rsContent\">\n  <a class=\"rsImg\" href=\"https:\/\/www.betriebsfeuerwehr-voestalpine.at\/wp-content\/uploads\/2014\/03\/Bild-10_kleine_\u00f6lsperre.jpg\" data-rsBigImg=\"https:\/\/www.betriebsfeuerwehr-voestalpine.at\/wp-content\/uploads\/2014\/03\/Bild-10_kleine_\u00f6lsperre.jpg\">Bild 10_kleine_\u00f6lsperre<\/a>\n  <div class=\"rsTmb\"><img decoding=\"async\" src=\"https:\/\/www.betriebsfeuerwehr-voestalpine.at\/wp-content\/uploads\/2014\/03\/Bild-10_kleine_\u00f6lsperre-96x72.jpg\" alt=\"\" \/><\/div>\n  \n  \n<\/div><div class=\"rsContent\">\n  <a class=\"rsImg\" href=\"https:\/\/www.betriebsfeuerwehr-voestalpine.at\/wp-content\/uploads\/2014\/03\/Bild-8_kleine_\u00f6lsperre.jpg\" data-rsBigImg=\"https:\/\/www.betriebsfeuerwehr-voestalpine.at\/wp-content\/uploads\/2014\/03\/Bild-8_kleine_\u00f6lsperre.jpg\">Bild 8_kleine_\u00f6lsperre<\/a>\n  <div class=\"rsTmb\"><img decoding=\"async\" src=\"https:\/\/www.betriebsfeuerwehr-voestalpine.at\/wp-content\/uploads\/2014\/03\/Bild-8_kleine_\u00f6lsperre-96x72.jpg\" alt=\"\" \/><\/div>\n  \n  \n<\/div><\/div><\/p>\n","protected":false},"excerpt":{"rendered":"<p>\u00d6lsperre Mobile \u00d6lsperre, welche speziell im Bereich von B\u00e4chen und Flussbuchten optimal eingesetzt werden kann. Diese ist leicht zu transportieren und kann von wenigen Feuerwehrkameraden binnen weniger Minuten in den Einsatz gebracht werden ( 5 Meter lange, steckbare Elemente ). &hellip; <a href=\"https:\/\/www.betriebsfeuerwehr-voestalpine.at\/?p=1692\">mehr <span class=\"meta-nav\">&rarr;<\/span><\/a><\/p>\n","protected":false},"author":2,"featured_media":1696,"comment_status":"closed","ping_status":"closed","sticky":false,"template":"","format":"standard","meta":{"_acf_changed":false,"footnotes":""},"categories":[1,24],"tags":[],"class_list":["post-1692","post","type-post","status-publish","format-standard","has-post-thumbnail","hentry","category-entwurf","category-geraetschaften"],"acf":[],"_links":{"self":[{"href":"https:\/\/www.betriebsfeuerwehr-voestalpine.at\/index.php?rest_route=\/wp\/v2\/posts\/1692","targetHints":{"allow":["GET"]}}],"collection":[{"href":"https:\/\/www.betriebsfeuerwehr-voestalpine.at\/index.php?rest_route=\/wp\/v2\/posts"}],"about":[{"href":"https:\/\/www.betriebsfeuerwehr-voestalpine.at\/index.php?rest_route=\/wp\/v2\/types\/post"}],"author":[{"embeddable":true,"href":"https:\/\/www.betriebsfeuerwehr-voestalpine.at\/index.php?rest_route=\/wp\/v2\/users\/2"}],"replies":[{"embeddable":true,"href":"https:\/\/www.betriebsfeuerwehr-voestalpine.at\/index.php?rest_route=%2Fwp%2Fv2%2Fcomments&post=1692"}],"version-history":[{"count":1,"href":"https:\/\/www.betriebsfeuerwehr-voestalpine.at\/index.php?rest_route=\/wp\/v2\/posts\/1692\/revisions"}],"predecessor-version":[{"id":1699,"href":"https:\/\/www.betriebsfeuerwehr-voestalpine.at\/index.php?rest_route=\/wp\/v2\/posts\/1692\/revisions\/1699"}],"wp:featuredmedia":[{"embeddable":true,"href":"https:\/\/www.betriebsfeuerwehr-voestalpine.at\/index.php?rest_route=\/wp\/v2\/media\/1696"}],"wp:attachment":[{"href":"https:\/\/www.betriebsfeuerwehr-voestalpine.at\/index.php?rest_route=%2Fwp%2Fv2%2Fmedia&parent=1692"}],"wp:term":[{"taxonomy":"category","embeddable":true,"href":"https:\/\/www.betriebsfeuerwehr-voestalpine.at\/index.php?rest_route=%2Fwp%2Fv2%2Fcategories&post=1692"},{"taxonomy":"post_tag","embeddable":true,"href":"https:\/\/www.betriebsfeuerwehr-voestalpine.at\/index.php?rest_route=%2Fwp%2Fv2%2Ftags&post=1692"}],"curies":[{"name":"wp","href":"https:\/\/api.w.org\/{rel}","templated":true}]}}