{"id":1859,"date":"2014-05-27T09:46:02","date_gmt":"2014-05-27T08:46:02","guid":{"rendered":"https:\/\/www.betriebsfeuerwehr-voestalpine.at\/?p=1859"},"modified":"2014-11-28T10:42:51","modified_gmt":"2014-11-28T09:42:51","slug":"fahrzeugsegnung-neuer-last","status":"publish","type":"post","link":"https:\/\/www.betriebsfeuerwehr-voestalpine.at\/?p=1859","title":{"rendered":"Fahrzeugsegnung &#8211; Neuer Last"},"content":{"rendered":"<p><div id=\"new-royalslider-2\" class=\"royalSlider new-royalslider-2 rsDefaultInv rs-image-gallery\" style=\"width:100%; height:500;\"><div class=\"rsContent\">\n  <a class=\"rsImg\" href=\"https:\/\/www.betriebsfeuerwehr-voestalpine.at\/wp-content\/uploads\/2014\/05\/DSC_0155.jpg\" data-rsBigImg=\"https:\/\/www.betriebsfeuerwehr-voestalpine.at\/wp-content\/uploads\/2014\/05\/DSC_0155.jpg\">DSC_0155<\/a>\n  <div class=\"rsTmb\"><img decoding=\"async\" src=\"https:\/\/www.betriebsfeuerwehr-voestalpine.at\/wp-content\/uploads\/2014\/05\/DSC_0155-96x72.jpg\" alt=\"\" \/><\/div>\n  \n  \n<\/div><div class=\"rsContent\">\n  <a class=\"rsImg\" href=\"https:\/\/www.betriebsfeuerwehr-voestalpine.at\/wp-content\/uploads\/2014\/05\/DSC_0112.jpg\" data-rsBigImg=\"https:\/\/www.betriebsfeuerwehr-voestalpine.at\/wp-content\/uploads\/2014\/05\/DSC_0112.jpg\">DSC_0112<\/a>\n  <div class=\"rsTmb\"><img decoding=\"async\" src=\"https:\/\/www.betriebsfeuerwehr-voestalpine.at\/wp-content\/uploads\/2014\/05\/DSC_0112-96x72.jpg\" alt=\"\" \/><\/div>\n  \n  \n<\/div><div class=\"rsContent\">\n  <a class=\"rsImg\" href=\"https:\/\/www.betriebsfeuerwehr-voestalpine.at\/wp-content\/uploads\/2014\/05\/DSC_0130.jpg\" data-rsBigImg=\"https:\/\/www.betriebsfeuerwehr-voestalpine.at\/wp-content\/uploads\/2014\/05\/DSC_0130.jpg\">DSC_0130<\/a>\n  <div class=\"rsTmb\"><img decoding=\"async\" src=\"https:\/\/www.betriebsfeuerwehr-voestalpine.at\/wp-content\/uploads\/2014\/05\/DSC_0130-96x72.jpg\" alt=\"\" \/><\/div>\n  \n  \n<\/div><div class=\"rsContent\">\n  <a class=\"rsImg\" href=\"https:\/\/www.betriebsfeuerwehr-voestalpine.at\/wp-content\/uploads\/2014\/05\/IMG_6181.jpg\" data-rsBigImg=\"https:\/\/www.betriebsfeuerwehr-voestalpine.at\/wp-content\/uploads\/2014\/05\/IMG_6181.jpg\">IMG_6181<\/a>\n  <div class=\"rsTmb\"><img decoding=\"async\" src=\"https:\/\/www.betriebsfeuerwehr-voestalpine.at\/wp-content\/uploads\/2014\/05\/IMG_6181-96x72.jpg\" alt=\"\" \/><\/div>\n  \n  \n<\/div><div class=\"rsContent\">\n  <a class=\"rsImg\" href=\"https:\/\/www.betriebsfeuerwehr-voestalpine.at\/wp-content\/uploads\/2014\/05\/IMG_6187.jpg\" data-rsBigImg=\"https:\/\/www.betriebsfeuerwehr-voestalpine.at\/wp-content\/uploads\/2014\/05\/IMG_6187.jpg\">IMG_6187<\/a>\n  <div class=\"rsTmb\"><img decoding=\"async\" src=\"https:\/\/www.betriebsfeuerwehr-voestalpine.at\/wp-content\/uploads\/2014\/05\/IMG_6187-96x72.jpg\" alt=\"\" \/><\/div>\n  \n  \n<\/div><div class=\"rsContent\">\n  <a class=\"rsImg\" href=\"https:\/\/www.betriebsfeuerwehr-voestalpine.at\/wp-content\/uploads\/2014\/05\/IMG_6199.jpg\" data-rsBigImg=\"https:\/\/www.betriebsfeuerwehr-voestalpine.at\/wp-content\/uploads\/2014\/05\/IMG_6199.jpg\">IMG_6199<\/a>\n  <div class=\"rsTmb\"><img decoding=\"async\" src=\"https:\/\/www.betriebsfeuerwehr-voestalpine.at\/wp-content\/uploads\/2014\/05\/IMG_6199-96x72.jpg\" alt=\"\" \/><\/div>\n  \n  \n<\/div><\/div><\/p>\n<p>Die Betriebsfeuerwehr veranstaltete am 24. Juni 2014 im Feuerwehrhaus in B\u00f6hlerwerk einen Tag der offenen T\u00fcr mit Kindernachmittag und anschlie\u00dfendem Feuerwehrheurigen. In diesem Rahmen wurde bei einem Festakt auch das neue Kleinlastfahrzeug in den Dienst gestellt und von Diakon Hr. Thomas Resch getauft.<br \/>\nKommandant Roland Schmoll konnte dazu die Gesch\u00e4ftsleiter Hr. Ing. Leander Ahorner und Hr. Richard Langwieser, Betriebsratsvorsitzenden Reinhard Lang, sowie B\u00fcrgermeister Tomas Raidl begr\u00fc\u00dfen. Seitens der Feuerwehr konnte Bezirkskommandant-Stv. Hr. Katzengruber,Abschnittskommandant Hr. Pie\u00dflinger und dessen Stv. Hr. Pachler begr\u00fc\u00dft werden. Auch zahlreichen Abordnungen der umliegenden Feuerwehren und Kameraden der Betriebsfeuerwehr Voest Alpine von Krems und Traisen besuchten die Festveranstaltung.<\/p>\n","protected":false},"excerpt":{"rendered":"<p>Die Betriebsfeuerwehr veranstaltete am 24. Juni 2014 im Feuerwehrhaus in B\u00f6hlerwerk einen Tag der offenen T\u00fcr mit Kindernachmittag und anschlie\u00dfendem Feuerwehrheurigen. In diesem Rahmen wurde bei einem Festakt auch das neue Kleinlastfahrzeug in den Dienst gestellt und von Diakon Hr. &hellip; <a href=\"https:\/\/www.betriebsfeuerwehr-voestalpine.at\/?p=1859\">mehr <span class=\"meta-nav\">&rarr;<\/span><\/a><\/p>\n","protected":false},"author":2,"featured_media":1862,"comment_status":"closed","ping_status":"closed","sticky":false,"template":"","format":"standard","meta":{"_acf_changed":false,"footnotes":""},"categories":[1],"tags":[],"class_list":["post-1859","post","type-post","status-publish","format-standard","has-post-thumbnail","hentry","category-entwurf"],"acf":[],"_links":{"self":[{"href":"https:\/\/www.betriebsfeuerwehr-voestalpine.at\/index.php?rest_route=\/wp\/v2\/posts\/1859","targetHints":{"allow":["GET"]}}],"collection":[{"href":"https:\/\/www.betriebsfeuerwehr-voestalpine.at\/index.php?rest_route=\/wp\/v2\/posts"}],"about":[{"href":"https:\/\/www.betriebsfeuerwehr-voestalpine.at\/index.php?rest_route=\/wp\/v2\/types\/post"}],"author":[{"embeddable":true,"href":"https:\/\/www.betriebsfeuerwehr-voestalpine.at\/index.php?rest_route=\/wp\/v2\/users\/2"}],"replies":[{"embeddable":true,"href":"https:\/\/www.betriebsfeuerwehr-voestalpine.at\/index.php?rest_route=%2Fwp%2Fv2%2Fcomments&post=1859"}],"version-history":[{"count":1,"href":"https:\/\/www.betriebsfeuerwehr-voestalpine.at\/index.php?rest_route=\/wp\/v2\/posts\/1859\/revisions"}],"predecessor-version":[{"id":1866,"href":"https:\/\/www.betriebsfeuerwehr-voestalpine.at\/index.php?rest_route=\/wp\/v2\/posts\/1859\/revisions\/1866"}],"wp:featuredmedia":[{"embeddable":true,"href":"https:\/\/www.betriebsfeuerwehr-voestalpine.at\/index.php?rest_route=\/wp\/v2\/media\/1862"}],"wp:attachment":[{"href":"https:\/\/www.betriebsfeuerwehr-voestalpine.at\/index.php?rest_route=%2Fwp%2Fv2%2Fmedia&parent=1859"}],"wp:term":[{"taxonomy":"category","embeddable":true,"href":"https:\/\/www.betriebsfeuerwehr-voestalpine.at\/index.php?rest_route=%2Fwp%2Fv2%2Fcategories&post=1859"},{"taxonomy":"post_tag","embeddable":true,"href":"https:\/\/www.betriebsfeuerwehr-voestalpine.at\/index.php?rest_route=%2Fwp%2Fv2%2Ftags&post=1859"}],"curies":[{"name":"wp","href":"https:\/\/api.w.org\/{rel}","templated":true}]}}