{"id":6332,"date":"2022-11-14T09:45:21","date_gmt":"2022-11-14T08:45:21","guid":{"rendered":"https:\/\/www.betriebsfeuerwehr-voestalpine.at\/?p=6332"},"modified":"2023-09-16T18:14:57","modified_gmt":"2023-09-16T17:14:57","slug":"verkehrsunfall-wieserhoehe-13-11-2022","status":"publish","type":"post","link":"https:\/\/www.betriebsfeuerwehr-voestalpine.at\/?p=6332","title":{"rendered":"Verkehrsunfall Wieserh\u00f6he | 13.11.2022"},"content":{"rendered":"<p style=\"font-size: 16px;\">Zwei PKW stie\u00dfen frontal auf der Wieserh\u00f6he (Landesstra\u00dfe 88) zusammen.<br \/>\nDie Bereichsalarmzentrale Amstetten alarmiert die Feuerwehren St. Georgen\/Klaus, Seitenstetten-Dorf und die Betriebsfeuerwehr voestalpine Precision Strip B\u00f6hlerwerk zu einem Verkehrsunfall mit Menschenrettung per Sirene.<br \/>\nBeim Eintreffen konnte Entwarnung geben werden, alle Personen konnten sich selbst und unverletzt aus dem Fahrzeugen befreien.<br \/>\nDie L88 wurde kurzzeitig f\u00fcr die Bergung der Beiden Fahrzeugen gesperrt. Die Bergung wurde durch die zust\u00e4ndige FF St. Georgen\/Klaus und der Betriebsfeuerwehr voestalpine Precision Strip B\u00f6hlerwerk durchgef\u00fchrt. Nach ca. 1 Stunden konnten die Unfallstelle wieder freigegeben werden.<\/p>\n<p>Im Einsatz: 1 Rettungsfahrzeug des Roten Kreuz, Polizei, die FF St. Georgen\/Klaus,<br \/>\nFF Seitenstetten-Dorf und die Betriebsfeuerwehr voestalpine Precision Strip B\u00f6hlerwerk.<\/p>\n<p>weitere Berichte: &gt; <a href=\"https:\/\/ff.stgeorgenklaus.at\/einsaetze-uebungen\/einsaetze\/einsaetze-2022\/664-20221113-t2-wieserhoehe.html\" target=\"_blank\" rel=\"noopener\">FF St. Georgen\/Klaus &#8211; Bericht<\/a><\/p>\n<p><div id=\"new-royalslider-2\" class=\"royalSlider new-royalslider-2 rsDefaultInv rs-image-gallery\" style=\"width:100%; height:500;\"><div class=\"rsContent\">\n  <a class=\"rsImg\" href=\"https:\/\/www.betriebsfeuerwehr-voestalpine.at\/wp-content\/uploads\/2022\/11\/IMG_20221113_180642k.jpg\" data-rsBigImg=\"https:\/\/www.betriebsfeuerwehr-voestalpine.at\/wp-content\/uploads\/2022\/11\/IMG_20221113_180642k.jpg\">IMG_20221113_180642k<\/a>\n  <div class=\"rsTmb\"><img decoding=\"async\" src=\"https:\/\/www.betriebsfeuerwehr-voestalpine.at\/wp-content\/uploads\/2022\/11\/IMG_20221113_180642k-96x72.jpg\" alt=\"\" \/><\/div>\n  \n  \n<\/div><div class=\"rsContent\">\n  <a class=\"rsImg\" href=\"https:\/\/www.betriebsfeuerwehr-voestalpine.at\/wp-content\/uploads\/2022\/11\/IMG_20221113_180731_edit_898396760978535k.jpg\" data-rsBigImg=\"https:\/\/www.betriebsfeuerwehr-voestalpine.at\/wp-content\/uploads\/2022\/11\/IMG_20221113_180731_edit_898396760978535k.jpg\">IMG_20221113_180731_edit_898396760978535k<\/a>\n  <div class=\"rsTmb\"><img decoding=\"async\" src=\"https:\/\/www.betriebsfeuerwehr-voestalpine.at\/wp-content\/uploads\/2022\/11\/IMG_20221113_180731_edit_898396760978535k-96x72.jpg\" alt=\"\" \/><\/div>\n  \n  \n<\/div><div class=\"rsContent\">\n  <a class=\"rsImg\" href=\"https:\/\/www.betriebsfeuerwehr-voestalpine.at\/wp-content\/uploads\/2022\/11\/IMG_20221113_183346k.jpg\" data-rsBigImg=\"https:\/\/www.betriebsfeuerwehr-voestalpine.at\/wp-content\/uploads\/2022\/11\/IMG_20221113_183346k.jpg\">IMG_20221113_183346k<\/a>\n  <div class=\"rsTmb\"><img decoding=\"async\" src=\"https:\/\/www.betriebsfeuerwehr-voestalpine.at\/wp-content\/uploads\/2022\/11\/IMG_20221113_183346k-96x72.jpg\" alt=\"\" \/><\/div>\n  \n  \n<\/div><div class=\"rsContent\">\n  <a class=\"rsImg\" href=\"https:\/\/www.betriebsfeuerwehr-voestalpine.at\/wp-content\/uploads\/2022\/11\/IMG_20221113_183357k.jpg\" data-rsBigImg=\"https:\/\/www.betriebsfeuerwehr-voestalpine.at\/wp-content\/uploads\/2022\/11\/IMG_20221113_183357k.jpg\">IMG_20221113_183357k<\/a>\n  <div class=\"rsTmb\"><img decoding=\"async\" src=\"https:\/\/www.betriebsfeuerwehr-voestalpine.at\/wp-content\/uploads\/2022\/11\/IMG_20221113_183357k-96x72.jpg\" alt=\"\" \/><\/div>\n  \n  \n<\/div><\/div><\/p>\n","protected":false},"excerpt":{"rendered":"<p>Zwei PKW stie\u00dfen frontal auf der Wieserh\u00f6he (Landesstra\u00dfe 88) zusammen. Die Bereichsalarmzentrale Amstetten alarmiert die Feuerwehren St. Georgen\/Klaus, Seitenstetten-Dorf und die Betriebsfeuerwehr voestalpine Precision Strip B\u00f6hlerwerk zu einem Verkehrsunfall mit Menschenrettung per Sirene. Beim Eintreffen konnte Entwarnung geben werden, alle &hellip; <a href=\"https:\/\/www.betriebsfeuerwehr-voestalpine.at\/?p=6332\">mehr <span class=\"meta-nav\">&rarr;<\/span><\/a><\/p>\n","protected":false},"author":2,"featured_media":6334,"comment_status":"closed","ping_status":"closed","sticky":false,"template":"","format":"standard","meta":{"_acf_changed":false,"footnotes":""},"categories":[63],"tags":[],"class_list":["post-6332","post","type-post","status-publish","format-standard","has-post-thumbnail","hentry","category-einsaetze-2022"],"acf":[],"_links":{"self":[{"href":"https:\/\/www.betriebsfeuerwehr-voestalpine.at\/index.php?rest_route=\/wp\/v2\/posts\/6332","targetHints":{"allow":["GET"]}}],"collection":[{"href":"https:\/\/www.betriebsfeuerwehr-voestalpine.at\/index.php?rest_route=\/wp\/v2\/posts"}],"about":[{"href":"https:\/\/www.betriebsfeuerwehr-voestalpine.at\/index.php?rest_route=\/wp\/v2\/types\/post"}],"author":[{"embeddable":true,"href":"https:\/\/www.betriebsfeuerwehr-voestalpine.at\/index.php?rest_route=\/wp\/v2\/users\/2"}],"replies":[{"embeddable":true,"href":"https:\/\/www.betriebsfeuerwehr-voestalpine.at\/index.php?rest_route=%2Fwp%2Fv2%2Fcomments&post=6332"}],"version-history":[{"count":6,"href":"https:\/\/www.betriebsfeuerwehr-voestalpine.at\/index.php?rest_route=\/wp\/v2\/posts\/6332\/revisions"}],"predecessor-version":[{"id":6342,"href":"https:\/\/www.betriebsfeuerwehr-voestalpine.at\/index.php?rest_route=\/wp\/v2\/posts\/6332\/revisions\/6342"}],"wp:featuredmedia":[{"embeddable":true,"href":"https:\/\/www.betriebsfeuerwehr-voestalpine.at\/index.php?rest_route=\/wp\/v2\/media\/6334"}],"wp:attachment":[{"href":"https:\/\/www.betriebsfeuerwehr-voestalpine.at\/index.php?rest_route=%2Fwp%2Fv2%2Fmedia&parent=6332"}],"wp:term":[{"taxonomy":"category","embeddable":true,"href":"https:\/\/www.betriebsfeuerwehr-voestalpine.at\/index.php?rest_route=%2Fwp%2Fv2%2Fcategories&post=6332"},{"taxonomy":"post_tag","embeddable":true,"href":"https:\/\/www.betriebsfeuerwehr-voestalpine.at\/index.php?rest_route=%2Fwp%2Fv2%2Ftags&post=6332"}],"curies":[{"name":"wp","href":"https:\/\/api.w.org\/{rel}","templated":true}]}}